{"id":1150,"date":"2025-07-04T12:05:21","date_gmt":"2025-07-04T10:05:21","guid":{"rendered":"https:\/\/effetto.laboratoridelbrand.eu\/?p=1150"},"modified":"2025-08-12T18:10:19","modified_gmt":"2025-08-12T16:10:19","slug":"maratona-di-berlino-informazioni-generali","status":"publish","type":"post","link":"https:\/\/www.effettoitaly.com\/MAR\/maratona-di-berlino-informazioni-generali\/","title":{"rendered":"Maratona di Berlino: Informazioni Generali"},"content":{"rendered":"\t\t<div data-elementor-type=\"wp-post\" data-elementor-id=\"1150\" class=\"elementor elementor-1150\" data-elementor-settings=\"{&quot;element_pack_global_tooltip_width&quot;:{&quot;unit&quot;:&quot;px&quot;,&quot;size&quot;:&quot;&quot;,&quot;sizes&quot;:[]},&quot;element_pack_global_tooltip_width_tablet&quot;:{&quot;unit&quot;:&quot;px&quot;,&quot;size&quot;:&quot;&quot;,&quot;sizes&quot;:[]},&quot;element_pack_global_tooltip_width_mobile&quot;:{&quot;unit&quot;:&quot;px&quot;,&quot;size&quot;:&quot;&quot;,&quot;sizes&quot;:[]},&quot;element_pack_global_tooltip_padding&quot;:{&quot;unit&quot;:&quot;px&quot;,&quot;top&quot;:&quot;&quot;,&quot;right&quot;:&quot;&quot;,&quot;bottom&quot;:&quot;&quot;,&quot;left&quot;:&quot;&quot;,&quot;isLinked&quot;:true},&quot;element_pack_global_tooltip_padding_tablet&quot;:{&quot;unit&quot;:&quot;px&quot;,&quot;top&quot;:&quot;&quot;,&quot;right&quot;:&quot;&quot;,&quot;bottom&quot;:&quot;&quot;,&quot;left&quot;:&quot;&quot;,&quot;isLinked&quot;:true},&quot;element_pack_global_tooltip_padding_mobile&quot;:{&quot;unit&quot;:&quot;px&quot;,&quot;top&quot;:&quot;&quot;,&quot;right&quot;:&quot;&quot;,&quot;bottom&quot;:&quot;&quot;,&quot;left&quot;:&quot;&quot;,&quot;isLinked&quot;:true},&quot;element_pack_global_tooltip_border_radius&quot;:{&quot;unit&quot;:&quot;px&quot;,&quot;top&quot;:&quot;&quot;,&quot;right&quot;:&quot;&quot;,&quot;bottom&quot;:&quot;&quot;,&quot;left&quot;:&quot;&quot;,&quot;isLinked&quot;:true},&quot;element_pack_global_tooltip_border_radius_tablet&quot;:{&quot;unit&quot;:&quot;px&quot;,&quot;top&quot;:&quot;&quot;,&quot;right&quot;:&quot;&quot;,&quot;bottom&quot;:&quot;&quot;,&quot;left&quot;:&quot;&quot;,&quot;isLinked&quot;:true},&quot;element_pack_global_tooltip_border_radius_mobile&quot;:{&quot;unit&quot;:&quot;px&quot;,&quot;top&quot;:&quot;&quot;,&quot;right&quot;:&quot;&quot;,&quot;bottom&quot;:&quot;&quot;,&quot;left&quot;:&quot;&quot;,&quot;isLinked&quot;:true}}\" data-elementor-post-type=\"post\">\n\t\t\t\t<div class=\"elementor-element elementor-element-a9775c7 bdt-backdrop-filter-yes e-flex e-con-boxed bdt-filter-backdrop e-con e-parent\" data-id=\"a9775c7\" data-element_type=\"container\" data-e-type=\"container\" data-settings=\"{&quot;background_background&quot;:&quot;classic&quot;}\">\n\t\t\t\t\t<div class=\"e-con-inner\">\n\t\t\t\t<div class=\"elementor-element elementor-element-b6f2acc elementor-widget elementor-widget-heading\" data-id=\"b6f2acc\" data-element_type=\"widget\" data-e-type=\"widget\" data-widget_type=\"heading.default\">\n\t\t\t\t<div class=\"elementor-widget-container\">\n\t\t\t\t\t<h2 class=\"elementor-heading-title elementor-size-default\">Maratona di Berlino: Informazioni Generali<\/h2>\t\t\t\t<\/div>\n\t\t\t\t<\/div>\n\t\t\t\t<div class=\"elementor-element elementor-element-43baf0b elementor-widget elementor-widget-heading\" data-id=\"43baf0b\" data-element_type=\"widget\" data-e-type=\"widget\" data-widget_type=\"heading.default\">\n\t\t\t\t<div class=\"elementor-widget-container\">\n\t\t\t\t\t<h2 class=\"elementor-heading-title elementor-size-default\">Tutte le informazioni utili per correre la Maratona di Berlino<\/h2>\t\t\t\t<\/div>\n\t\t\t\t<\/div>\n\t\t\t\t\t<\/div>\n\t\t\t\t<\/div>\n\t\t<div class=\"elementor-element elementor-element-f96cacb e-flex e-con-boxed e-con e-parent\" data-id=\"f96cacb\" data-element_type=\"container\" data-e-type=\"container\">\n\t\t\t\t\t<div class=\"e-con-inner\">\n\t\t\t\t<div class=\"elementor-element elementor-element-055d3ea elementor-widget-divider--view-line elementor-widget elementor-widget-divider\" data-id=\"055d3ea\" data-element_type=\"widget\" data-e-type=\"widget\" data-widget_type=\"divider.default\">\n\t\t\t\t<div class=\"elementor-widget-container\">\n\t\t\t\t\t\t\t<div class=\"elementor-divider\">\n\t\t\t<span class=\"elementor-divider-separator\">\n\t\t\t\t\t\t<\/span>\n\t\t<\/div>\n\t\t\t\t\t\t<\/div>\n\t\t\t\t<\/div>\n\t\t\t\t<div class=\"elementor-element elementor-element-f161260 elementor-widget elementor-widget-text-editor\" data-id=\"f161260\" data-element_type=\"widget\" data-e-type=\"widget\" data-widget_type=\"text-editor.default\">\n\t\t\t\t<div class=\"elementor-widget-container\">\n\t\t\t\t\t\t\t\t\t<h2 dir=\"ltr\" style=\"text-align: center;\"><strong>Maratona di Berlino: Informazioni<\/strong><\/h2><p dir=\"ltr\"><strong>In questa<\/strong> sezione troverai\u00a0<strong>tutte le informazioni pi\u00f9 importanti<\/strong> per organizzare il tuo weekend di gara.\u00a0<br \/>Cliccando sui luoghi sottolineati in <span style=\"color: #ff0000;\"><strong>rosso<\/strong><\/span> potrai vederli sulla mappa.\u00a0<\/p>\t\t\t\t\t\t\t\t<\/div>\n\t\t\t\t<\/div>\n\t\t\t\t\t<\/div>\n\t\t\t\t<\/div>\n\t\t<div class=\"elementor-element elementor-element-d02cfad e-flex e-con-boxed e-con e-parent\" data-id=\"d02cfad\" data-element_type=\"container\" data-e-type=\"container\">\n\t\t\t\t\t<div class=\"e-con-inner\">\n\t\t\t\t<div class=\"elementor-element elementor-element-b701e35 elementor-widget elementor-widget-spacer\" data-id=\"b701e35\" data-element_type=\"widget\" data-e-type=\"widget\" data-widget_type=\"spacer.default\">\n\t\t\t\t<div class=\"elementor-widget-container\">\n\t\t\t\t\t\t\t<div class=\"elementor-spacer\">\n\t\t\t<div class=\"elementor-spacer-inner\"><\/div>\n\t\t<\/div>\n\t\t\t\t\t\t<\/div>\n\t\t\t\t<\/div>\n\t\t\t\t\t<\/div>\n\t\t\t\t<\/div>\n\t\t<div class=\"elementor-element elementor-element-3ed3c05 e-con-full e-flex e-con e-parent\" data-id=\"3ed3c05\" data-element_type=\"container\" data-e-type=\"container\">\n\t\t<div class=\"elementor-element elementor-element-08db8af e-con-full e-flex e-con e-child\" data-id=\"08db8af\" data-element_type=\"container\" data-e-type=\"container\">\n\t\t\t\t<div class=\"elementor-element elementor-element-f0974a4 elementor-widget__width-initial elementor-widget elementor-widget-image\" data-id=\"f0974a4\" data-element_type=\"widget\" data-e-type=\"widget\" data-widget_type=\"image.default\">\n\t\t\t\t<div class=\"elementor-widget-container\">\n\t\t\t\t\t\t\t\t\t\t\t\t\t\t\t<img fetchpriority=\"high\" decoding=\"async\" width=\"533\" height=\"400\" src=\"https:\/\/www.effettoitaly.com\/MAR\/wp-content\/uploads\/2025\/07\/berlin-messe.jpg\" class=\"attachment-large size-large wp-image-1155\" alt=\"\" srcset=\"https:\/\/www.effettoitaly.com\/MAR\/wp-content\/uploads\/2025\/07\/berlin-messe.jpg 533w, https:\/\/www.effettoitaly.com\/MAR\/wp-content\/uploads\/2025\/07\/berlin-messe-300x225.jpg 300w\" sizes=\"(max-width: 533px) 100vw, 533px\" \/>\t\t\t\t\t\t\t\t\t\t\t\t\t\t\t<\/div>\n\t\t\t\t<\/div>\n\t\t\t\t<\/div>\n\t\t<div class=\"elementor-element elementor-element-e926ddc e-con-full e-flex e-con e-child\" data-id=\"e926ddc\" data-element_type=\"container\" data-e-type=\"container\">\n\t\t<div class=\"elementor-element elementor-element-aff491e e-con-full e-flex e-con e-child\" data-id=\"aff491e\" data-element_type=\"container\" data-e-type=\"container\">\n\t\t\t\t<div class=\"elementor-element elementor-element-efaecd3 elementor-widget__width-initial elementor-widget elementor-widget-text-editor\" data-id=\"efaecd3\" data-element_type=\"widget\" data-e-type=\"widget\" data-widget_type=\"text-editor.default\">\n\t\t\t\t<div class=\"elementor-widget-container\">\n\t\t\t\t\t\t\t\t\t<h3 style=\"text-align: center;\"><strong>Marathon EXPO<\/strong><\/h3><p dir=\"ltr\">Diversamente dalle passate edizioni, l&#8217;EXPO maratona <strong>non<\/strong> sar\u00e0 pi\u00f9 ubicato all&#8217;aeroporto Tempelhof, bens\u00ec al <a href=\"https:\/\/www.google.de\/maps\/place\/Messe+Berlin+Eingang+S%C3%BCd\/@52.501305,13.2668967,17z\/data=!3m2!4b1!5s0x47a85732f2af9cf7:0xfe7f18cc314e2500!4m6!3m5!1s0x47a857b1cbe8a22d:0xbe66bea5dacc2201!8m2!3d52.5013018!4d13.2694716!16s%2Fg%2F11p65r12z1?entry=tts&amp;g_ep=EgoyMDI1MDIwMy4wIPu8ASoASAFQAw%3D%3D\"><span style=\"color: #ff0000;\"><strong>Berlin Messe (ingresso sud)<\/strong><\/span><\/a><\/p><p dir=\"ltr\"><strong>L&#8217;EXPO sar\u00e0 aperto nei seguenti giorni\/orari:<\/strong><\/p><p dir=\"ltr\">Gioved\u00ec, 18 Settembre: 15:00 &#8211; 20:00<br \/>Venerd\u00ec, 19 Settembre: 10:00 &#8211; 20:00<br \/>Sabato, 20 Settembre: 9:00 &#8211; 19:00\u00a0<\/p><p dir=\"ltr\"><strong>Come raggiungere l&#8217;EXPO:<\/strong><\/p><p dir=\"ltr\">Metro S3\/S9: Fermata <strong>Messe Sud.<\/strong><\/p><p dir=\"ltr\"><strong>Nota importante<\/strong>: <br \/>se sei un runner <strong>acquista il solo biglietto di andata<\/strong> dei trasporti pubblici, poich\u00e9 dal 26 al 29 Settembre il tuo pettorale vale come biglietto nelle zone A,B,C.<\/p><p dir=\"ltr\">\u00a0<\/p>\t\t\t\t\t\t\t\t<\/div>\n\t\t\t\t<\/div>\n\t\t\t\t<\/div>\n\t\t\t\t<\/div>\n\t\t\t\t<\/div>\n\t\t<div class=\"elementor-element elementor-element-7c3b15a e-flex e-con-boxed e-con e-parent\" data-id=\"7c3b15a\" data-element_type=\"container\" data-e-type=\"container\">\n\t\t\t\t\t<div class=\"e-con-inner\">\n\t\t\t\t<div class=\"elementor-element elementor-element-e7fa49d elementor-widget elementor-widget-spacer\" data-id=\"e7fa49d\" data-element_type=\"widget\" data-e-type=\"widget\" data-widget_type=\"spacer.default\">\n\t\t\t\t<div class=\"elementor-widget-container\">\n\t\t\t\t\t\t\t<div class=\"elementor-spacer\">\n\t\t\t<div class=\"elementor-spacer-inner\"><\/div>\n\t\t<\/div>\n\t\t\t\t\t\t<\/div>\n\t\t\t\t<\/div>\n\t\t\t\t\t<\/div>\n\t\t\t\t<\/div>\n\t\t<div class=\"elementor-element elementor-element-621effe e-con-full e-flex e-con e-parent\" data-id=\"621effe\" data-element_type=\"container\" data-e-type=\"container\">\n\t\t<div class=\"elementor-element elementor-element-060a019 e-con-full e-flex e-con e-child\" data-id=\"060a019\" data-element_type=\"container\" data-e-type=\"container\">\n\t\t\t\t<div class=\"elementor-element elementor-element-9a929df elementor-widget__width-initial elementor-widget elementor-widget-image\" data-id=\"9a929df\" data-element_type=\"widget\" data-e-type=\"widget\" data-widget_type=\"image.default\">\n\t\t\t\t<div class=\"elementor-widget-container\">\n\t\t\t\t\t\t\t\t\t\t\t\t\t\t\t<img decoding=\"async\" width=\"320\" height=\"240\" src=\"https:\/\/www.effettoitaly.com\/MAR\/wp-content\/uploads\/2025\/07\/LOGO.png\" class=\"attachment-large size-large wp-image-1157\" alt=\"\" srcset=\"https:\/\/www.effettoitaly.com\/MAR\/wp-content\/uploads\/2025\/07\/LOGO.png 320w, https:\/\/www.effettoitaly.com\/MAR\/wp-content\/uploads\/2025\/07\/LOGO-300x225.png 300w\" sizes=\"(max-width: 320px) 100vw, 320px\" \/>\t\t\t\t\t\t\t\t\t\t\t\t\t\t\t<\/div>\n\t\t\t\t<\/div>\n\t\t\t\t<\/div>\n\t\t<div class=\"elementor-element elementor-element-6b4325e e-con-full e-flex e-con e-child\" data-id=\"6b4325e\" data-element_type=\"container\" data-e-type=\"container\">\n\t\t<div class=\"elementor-element elementor-element-fbb07a1 e-con-full e-flex e-con e-child\" data-id=\"fbb07a1\" data-element_type=\"container\" data-e-type=\"container\">\n\t\t\t\t<div class=\"elementor-element elementor-element-e0f9bae elementor-widget__width-initial elementor-widget elementor-widget-text-editor\" data-id=\"e0f9bae\" data-element_type=\"widget\" data-e-type=\"widget\" data-widget_type=\"text-editor.default\">\n\t\t\t\t<div class=\"elementor-widget-container\">\n\t\t\t\t\t\t\t\t\t<h3 style=\"text-align: center;\"><strong>Ritiro Pettorale<\/strong><\/h3><p dir=\"ltr\">Tutti i runner devono <strong>ritirare personalmente il pettorale<\/strong> di gara, esibendo il passaporto oppure il documento di Identi\u00e0 e il certificato di iscrizione*<br \/>* Il certificato verr\u00e0 inviato a tutti i runner iscritti nei 10 giorni antecedenti la gara. <br \/>Qualora tu non avessi ricevuto il certificato contatta il personale Effetto Sport, sar\u00e0 in grado di aiutarti.\u00a0<\/p><p dir=\"ltr\"><strong>Note<\/strong><br \/>Il pettorale <strong>non<\/strong> pu\u00f2 essere spedito in hotel e <strong>non<\/strong> pu\u00f2 essere ritirato da terzi (nemmeno parenti stretti). <br \/>Solo il runner iscritto pu\u00f2 ritirare il pettorale, <strong>senza possibilit\u00e0 di delega.\u00a0<\/strong><\/p><p dir=\"ltr\"><strong>Il pacco gara si compone di:<\/strong><\/p><p dir=\"ltr\">&#8211; <strong>Pettorale di gara<\/strong><br \/>&#8211; <strong>Braccialetto<\/strong> (non perderlo, senza braccialetto non verrai ammesso alla griglia di partenza!)<br \/>&#8211; <strong>ChampionChip<\/strong>, un Chip di tracciamento che va applicato sulla scarpa<br \/>Se hai scelto l&#8217;opzione borsa, ti verr\u00e0 consegnata una apposita sacca trasparente. Ricorda che \u00e8 l&#8217;unica sacca ammessa.\u00a0<\/p><p dir=\"ltr\"><span style=\"color: #ff0000;\"><strong><a style=\"color: #ff0000;\" href=\"https:\/\/player.vimeo.com\/video\/362296062?title=0&amp;byline=0&amp;portrait=0\">Clicca per vedere il video esemplificativo del pacco gara, offerto dalla BMW Berlin Marathon. <\/a><\/strong><\/span><\/p>\t\t\t\t\t\t\t\t<\/div>\n\t\t\t\t<\/div>\n\t\t\t\t<\/div>\n\t\t\t\t<\/div>\n\t\t\t\t<\/div>\n\t\t<div class=\"elementor-element elementor-element-6b30cf9 e-flex e-con-boxed e-con e-parent\" data-id=\"6b30cf9\" data-element_type=\"container\" data-e-type=\"container\">\n\t\t\t\t\t<div class=\"e-con-inner\">\n\t\t\t\t<div class=\"elementor-element elementor-element-1fd0f29 elementor-widget elementor-widget-spacer\" data-id=\"1fd0f29\" data-element_type=\"widget\" data-e-type=\"widget\" data-widget_type=\"spacer.default\">\n\t\t\t\t<div class=\"elementor-widget-container\">\n\t\t\t\t\t\t\t<div class=\"elementor-spacer\">\n\t\t\t<div class=\"elementor-spacer-inner\"><\/div>\n\t\t<\/div>\n\t\t\t\t\t\t<\/div>\n\t\t\t\t<\/div>\n\t\t\t\t\t<\/div>\n\t\t\t\t<\/div>\n\t\t<div class=\"elementor-element elementor-element-390251d e-flex e-con-boxed e-con e-parent\" data-id=\"390251d\" data-element_type=\"container\" data-e-type=\"container\">\n\t\t\t\t\t<div class=\"e-con-inner\">\n\t\t\t\t\t<\/div>\n\t\t\t\t<\/div>\n\t\t<div class=\"elementor-element elementor-element-a3a7af4 e-con-full e-flex e-con e-parent\" data-id=\"a3a7af4\" data-element_type=\"container\" data-e-type=\"container\">\n\t\t<div class=\"elementor-element elementor-element-cb6f6d6 e-con-full e-flex e-con e-child\" data-id=\"cb6f6d6\" data-element_type=\"container\" data-e-type=\"container\">\n\t\t\t\t<div class=\"elementor-element elementor-element-dcea2b6 elementor-widget__width-initial elementor-widget elementor-widget-image\" data-id=\"dcea2b6\" data-element_type=\"widget\" data-e-type=\"widget\" data-widget_type=\"image.default\">\n\t\t\t\t<div class=\"elementor-widget-container\">\n\t\t\t\t\t\t\t\t\t\t\t\t\t\t\t<img decoding=\"async\" width=\"800\" height=\"534\" src=\"https:\/\/www.effettoitaly.com\/MAR\/wp-content\/uploads\/2025\/06\/csm_Photo_29-09-2024__10_37_46__1__b26768c436-1024x683.webp\" class=\"attachment-large size-large wp-image-1102\" alt=\"\" srcset=\"https:\/\/www.effettoitaly.com\/MAR\/wp-content\/uploads\/2025\/06\/csm_Photo_29-09-2024__10_37_46__1__b26768c436-1024x683.webp 1024w, https:\/\/www.effettoitaly.com\/MAR\/wp-content\/uploads\/2025\/06\/csm_Photo_29-09-2024__10_37_46__1__b26768c436-300x200.webp 300w, https:\/\/www.effettoitaly.com\/MAR\/wp-content\/uploads\/2025\/06\/csm_Photo_29-09-2024__10_37_46__1__b26768c436-768x512.webp 768w, https:\/\/www.effettoitaly.com\/MAR\/wp-content\/uploads\/2025\/06\/csm_Photo_29-09-2024__10_37_46__1__b26768c436.webp 1200w\" sizes=\"(max-width: 800px) 100vw, 800px\" \/>\t\t\t\t\t\t\t\t\t\t\t\t\t\t\t<\/div>\n\t\t\t\t<\/div>\n\t\t\t\t<\/div>\n\t\t<div class=\"elementor-element elementor-element-71cb1cc e-con-full e-flex e-con e-child\" data-id=\"71cb1cc\" data-element_type=\"container\" data-e-type=\"container\">\n\t\t<div class=\"elementor-element elementor-element-e2cb049 e-con-full e-flex e-con e-child\" data-id=\"e2cb049\" data-element_type=\"container\" data-e-type=\"container\">\n\t\t\t\t<div class=\"elementor-element elementor-element-10853f0 elementor-widget__width-initial elementor-widget elementor-widget-text-editor\" data-id=\"10853f0\" data-element_type=\"widget\" data-e-type=\"widget\" data-widget_type=\"text-editor.default\">\n\t\t\t\t<div class=\"elementor-widget-container\">\n\t\t\t\t\t\t\t\t\t<h3 style=\"text-align: center;\"><strong>La Start-Area<\/strong><\/h3><p dir=\"ltr\">Ed eccoci pronti a schierarci in griglia. Siamo in buona compagnia: l&#8217;edizione <strong>2024<\/strong>, il mitico 50\u00b0 anniversario della Maratona di Berlino, ha visto <strong>ben 54.280 runner tagliare il traguardo!\u00a0<\/strong><\/p><p dir=\"ltr\">Ma approfondiamo la start-area nel dettaglio.\u00a0<\/p><h5 dir=\"ltr\" style=\"text-align: left;\"><strong>Posizione<\/strong><\/h5><p dir=\"ltr\"><strong>La partenza \u00e8 ubicata<\/strong> al <span style=\"color: #ff0000;\"><strong><a style=\"color: #ff0000;\" href=\"https:\/\/www.google.com\/maps\/place\/Str.+des+17.+Juni,+Berlin,+Germania\/@52.5141475,13.3467112,17z\/data=!3m1!4b1!4m6!3m5!1s0x47a851af29592ec7:0x2ecafea6dc270a3b!8m2!3d52.5141475!4d13.3492861!16zL20vMDFmdnYz?entry=ttu\">Tra Stra\u00dfe des 17. Juni<\/a>,<\/strong><\/span> tra la Porta di Brandeburgo e &#8220;Kleiner Stern&#8221;. Fermate pi\u00f9 vicine:<br \/>MetroU: Friedrichstra\u00dfe (U6) a 12 minuti a piedi, Potsdamer Platz (U2) a 8 minuti a piedi.<br \/>S-Bahn (metroS): Hauptbahnhof (S5, S7, S75, S9), Potsdamer Platz (S1, S2, S25), Friedrichstra\u00dfe (S1, S2, S25, S5, S7, S75, S9).<br \/>L&#8217;area \u00e8 accessibile solo ai runner in possesso di pettorale e braccialetto.\u00a0<br \/><strong>Apertura<\/strong>: Domenica 21\/09 ore 07:00<\/p><h5 dir=\"ltr\" style=\"text-align: left;\"><strong>Partenze<\/strong><\/h5><p dir=\"ltr\">08:50: Handbiker (Elite)<br \/>08:55: Competitori in sedia a rotelle<br \/>08:55: Handbiker<\/p><p dir=\"ltr\"><strong>Dalle 09:15: Runner (in quattro ondate)<br \/><\/strong>9.15: ABCD<br \/>9.45: EF<br \/>10.10: GHJ<br \/>10.40: K<\/p>\t\t\t\t\t\t\t\t<\/div>\n\t\t\t\t<\/div>\n\t\t\t\t<div class=\"elementor-element elementor-element-b505889 elementor-align-center elementor-widget elementor-widget-button\" data-id=\"b505889\" data-element_type=\"widget\" data-e-type=\"widget\" data-widget_type=\"button.default\">\n\t\t\t\t<div class=\"elementor-widget-container\">\n\t\t\t\t\t\t\t\t\t<div class=\"elementor-button-wrapper\">\n\t\t\t\t\t<a class=\"elementor-button elementor-button-link elementor-size-sm\" href=\"https:\/\/www.bmw-berlin-marathon.com\/fileadmin\/media\/events\/berlinmarathon\/PDFs\/BMW_BERLIN-MARATHON__Start_Finish_Area.pdf\">\n\t\t\t\t\t\t<span class=\"elementor-button-content-wrapper\">\n\t\t\t\t\t\t\t\t\t<span class=\"elementor-button-text\">Clicca per la Mappa della Start-Area<\/span>\n\t\t\t\t\t<\/span>\n\t\t\t\t\t<\/a>\n\t\t\t\t<\/div>\n\t\t\t\t\t\t\t\t<\/div>\n\t\t\t\t<\/div>\n\t\t\t\t<\/div>\n\t\t\t\t<\/div>\n\t\t\t\t<\/div>\n\t\t<div class=\"elementor-element elementor-element-2b04c19 e-flex e-con-boxed e-con e-parent\" data-id=\"2b04c19\" data-element_type=\"container\" data-e-type=\"container\">\n\t\t\t\t\t<div class=\"e-con-inner\">\n\t\t\t\t<div class=\"elementor-element elementor-element-0d272f5 elementor-widget elementor-widget-spacer\" data-id=\"0d272f5\" data-element_type=\"widget\" data-e-type=\"widget\" data-widget_type=\"spacer.default\">\n\t\t\t\t<div class=\"elementor-widget-container\">\n\t\t\t\t\t\t\t<div class=\"elementor-spacer\">\n\t\t\t<div class=\"elementor-spacer-inner\"><\/div>\n\t\t<\/div>\n\t\t\t\t\t\t<\/div>\n\t\t\t\t<\/div>\n\t\t\t\t\t<\/div>\n\t\t\t\t<\/div>\n\t\t<div class=\"elementor-element elementor-element-11f3321 e-con-full e-flex e-con e-parent\" data-id=\"11f3321\" data-element_type=\"container\" data-e-type=\"container\">\n\t\t<div class=\"elementor-element elementor-element-1a43c14 e-con-full e-flex e-con e-child\" data-id=\"1a43c14\" data-element_type=\"container\" data-e-type=\"container\">\n\t\t\t\t<div class=\"elementor-element elementor-element-e80f67c elementor-widget__width-initial elementor-widget elementor-widget-image\" data-id=\"e80f67c\" data-element_type=\"widget\" data-e-type=\"widget\" data-widget_type=\"image.default\">\n\t\t\t\t<div class=\"elementor-widget-container\">\n\t\t\t\t\t\t\t\t\t\t\t\t\t\t\t<img loading=\"lazy\" decoding=\"async\" width=\"800\" height=\"600\" src=\"https:\/\/www.effettoitaly.com\/MAR\/wp-content\/uploads\/2025\/07\/berlin-1-1024x768.jpg\" class=\"attachment-large size-large wp-image-1170\" alt=\"\" srcset=\"https:\/\/www.effettoitaly.com\/MAR\/wp-content\/uploads\/2025\/07\/berlin-1-1024x768.jpg 1024w, https:\/\/www.effettoitaly.com\/MAR\/wp-content\/uploads\/2025\/07\/berlin-1-300x225.jpg 300w, https:\/\/www.effettoitaly.com\/MAR\/wp-content\/uploads\/2025\/07\/berlin-1-768x576.jpg 768w, https:\/\/www.effettoitaly.com\/MAR\/wp-content\/uploads\/2025\/07\/berlin-1.jpg 1440w\" sizes=\"(max-width: 800px) 100vw, 800px\" \/>\t\t\t\t\t\t\t\t\t\t\t\t\t\t\t<\/div>\n\t\t\t\t<\/div>\n\t\t\t\t<\/div>\n\t\t<div class=\"elementor-element elementor-element-c015946 e-con-full e-flex e-con e-child\" data-id=\"c015946\" data-element_type=\"container\" data-e-type=\"container\">\n\t\t<div class=\"elementor-element elementor-element-2f8ba80 e-con-full e-flex e-con e-child\" data-id=\"2f8ba80\" data-element_type=\"container\" data-e-type=\"container\">\n\t\t\t\t<div class=\"elementor-element elementor-element-674ad11 elementor-widget__width-initial elementor-widget elementor-widget-text-editor\" data-id=\"674ad11\" data-element_type=\"widget\" data-e-type=\"widget\" data-widget_type=\"text-editor.default\">\n\t\t\t\t<div class=\"elementor-widget-container\">\n\t\t\t\t\t\t\t\t\t<h3 style=\"text-align: center;\"><strong>Il Percorso<\/strong><\/h3><p dir=\"ltr\"><strong>Pronto a correre la velocissima Berlino?\u00a0<\/strong><\/p><p dir=\"ltr\">Ecco tutte le informazioni utili del percorso di gara!<\/p><h5 dir=\"ltr\"><strong>Rifornimenti<\/strong><\/h5><p><strong>I rifornimenti sono cos\u00ec dislocati: <\/strong><br \/>&#8211; km9, 15, 20, 25, 30 and 36: frutta, the, acqua e DRINK MIX 160* <br \/>&#8211; km5, 12, 17.5, 22.5, 27.5, 32.5, 34.5, 38 e 40: acqua<br \/>&#8211; km27.5: Gel 100*<br \/>&#8211; A partire dal km25, ogni 5km sono dislocati i centri con il servizio massaggi. <br \/>*Il MIX 160 e il GEL 100 sono appositamente studiati per fornire un rinforzo di carboidrati.<\/p>\t\t\t\t\t\t\t\t<\/div>\n\t\t\t\t<\/div>\n\t\t\t\t<div class=\"elementor-element elementor-element-8778802 elementor-align-center elementor-widget elementor-widget-button\" data-id=\"8778802\" data-element_type=\"widget\" data-e-type=\"widget\" data-widget_type=\"button.default\">\n\t\t\t\t<div class=\"elementor-widget-container\">\n\t\t\t\t\t\t\t\t\t<div class=\"elementor-button-wrapper\">\n\t\t\t\t\t<a class=\"elementor-button elementor-button-link elementor-size-sm\" href=\"https:\/\/www.bmw-berlin-marathon.com\/fileadmin\/media\/events\/berlinmarathon\/PDFs\/BMW_BERLIN-MARATHON__Start_Finish_Area.pdf\">\n\t\t\t\t\t\t<span class=\"elementor-button-content-wrapper\">\n\t\t\t\t\t\t\t\t\t<span class=\"elementor-button-text\">Clicca per la Mappa del Percorso<\/span>\n\t\t\t\t\t<\/span>\n\t\t\t\t\t<\/a>\n\t\t\t\t<\/div>\n\t\t\t\t\t\t\t\t<\/div>\n\t\t\t\t<\/div>\n\t\t\t\t<div class=\"elementor-element elementor-element-6bfcbe3 elementor-align-center elementor-widget elementor-widget-button\" data-id=\"6bfcbe3\" data-element_type=\"widget\" data-e-type=\"widget\" data-widget_type=\"button.default\">\n\t\t\t\t<div class=\"elementor-widget-container\">\n\t\t\t\t\t\t\t\t\t<div class=\"elementor-button-wrapper\">\n\t\t\t\t\t<a class=\"elementor-button elementor-button-link elementor-size-sm\" href=\"https:\/\/www.bmw-berlin-marathon.com\/fileadmin\/media\/events\/berlinmarathon\/PDFs\/BMW_BERLIN-MARATHON__Start_Finish_Area.pdf\">\n\t\t\t\t\t\t<span class=\"elementor-button-content-wrapper\">\n\t\t\t\t\t\t\t\t\t<span class=\"elementor-button-text\">Clicca per visualizzare il Dislivello<\/span>\n\t\t\t\t\t<\/span>\n\t\t\t\t\t<\/a>\n\t\t\t\t<\/div>\n\t\t\t\t\t\t\t\t<\/div>\n\t\t\t\t<\/div>\n\t\t\t\t<\/div>\n\t\t\t\t<\/div>\n\t\t\t\t<\/div>\n\t\t<div class=\"elementor-element elementor-element-bc2e49b e-flex e-con-boxed e-con e-parent\" data-id=\"bc2e49b\" data-element_type=\"container\" data-e-type=\"container\">\n\t\t\t\t\t<div class=\"e-con-inner\">\n\t\t\t\t<div class=\"elementor-element elementor-element-4676e60 elementor-widget elementor-widget-spacer\" data-id=\"4676e60\" data-element_type=\"widget\" data-e-type=\"widget\" data-widget_type=\"spacer.default\">\n\t\t\t\t<div class=\"elementor-widget-container\">\n\t\t\t\t\t\t\t<div class=\"elementor-spacer\">\n\t\t\t<div class=\"elementor-spacer-inner\"><\/div>\n\t\t<\/div>\n\t\t\t\t\t\t<\/div>\n\t\t\t\t<\/div>\n\t\t\t\t\t<\/div>\n\t\t\t\t<\/div>\n\t\t<div class=\"elementor-element elementor-element-8d6f37f e-flex e-con-boxed e-con e-parent\" data-id=\"8d6f37f\" data-element_type=\"container\" data-e-type=\"container\">\n\t\t\t\t\t<div class=\"e-con-inner\">\n\t\t\t\t<div class=\"elementor-element elementor-element-1d4bffd elementor-widget__width-auto elementor-widget elementor-widget-button\" data-id=\"1d4bffd\" data-element_type=\"widget\" data-e-type=\"widget\" data-widget_type=\"button.default\">\n\t\t\t\t<div class=\"elementor-widget-container\">\n\t\t\t\t\t\t\t\t\t<div class=\"elementor-button-wrapper\">\n\t\t\t\t\t<a class=\"elementor-button elementor-button-link elementor-size-sm\" href=\"https:\/\/www.effettoitaly.com\/MAR\/evento\/maratona-di-berlino\/\">\n\t\t\t\t\t\t<span class=\"elementor-button-content-wrapper\">\n\t\t\t\t\t\t\t\t\t<span class=\"elementor-button-text\">Torna all'Evento<\/span>\n\t\t\t\t\t<\/span>\n\t\t\t\t\t<\/a>\n\t\t\t\t<\/div>\n\t\t\t\t\t\t\t\t<\/div>\n\t\t\t\t<\/div>\n\t\t\t\t<div class=\"elementor-element elementor-element-7a469a1 elementor-widget elementor-widget-spacer\" data-id=\"7a469a1\" data-element_type=\"widget\" data-e-type=\"widget\" data-widget_type=\"spacer.default\">\n\t\t\t\t<div class=\"elementor-widget-container\">\n\t\t\t\t\t\t\t<div class=\"elementor-spacer\">\n\t\t\t<div class=\"elementor-spacer-inner\"><\/div>\n\t\t<\/div>\n\t\t\t\t\t\t<\/div>\n\t\t\t\t<\/div>\n\t\t\t\t\t<\/div>\n\t\t\t\t<\/div>\n\t\t\t\t<\/div>\n\t\t","protected":false},"excerpt":{"rendered":"<p>Tutte le informazioni essenziali per correre la Maratona di Berlino<\/p>\n","protected":false},"author":2,"featured_media":1103,"comment_status":"closed","ping_status":"closed","sticky":false,"template":"","format":"standard","meta":{"footnotes":""},"categories":[12],"tags":[],"class_list":["post-1150","post","type-post","status-publish","format-standard","has-post-thumbnail","hentry","category-evento-berlino"],"_links":{"self":[{"href":"https:\/\/www.effettoitaly.com\/MAR\/wp-json\/wp\/v2\/posts\/1150","targetHints":{"allow":["GET"]}}],"collection":[{"href":"https:\/\/www.effettoitaly.com\/MAR\/wp-json\/wp\/v2\/posts"}],"about":[{"href":"https:\/\/www.effettoitaly.com\/MAR\/wp-json\/wp\/v2\/types\/post"}],"author":[{"embeddable":true,"href":"https:\/\/www.effettoitaly.com\/MAR\/wp-json\/wp\/v2\/users\/2"}],"replies":[{"embeddable":true,"href":"https:\/\/www.effettoitaly.com\/MAR\/wp-json\/wp\/v2\/comments?post=1150"}],"version-history":[{"count":21,"href":"https:\/\/www.effettoitaly.com\/MAR\/wp-json\/wp\/v2\/posts\/1150\/revisions"}],"predecessor-version":[{"id":1389,"href":"https:\/\/www.effettoitaly.com\/MAR\/wp-json\/wp\/v2\/posts\/1150\/revisions\/1389"}],"wp:featuredmedia":[{"embeddable":true,"href":"https:\/\/www.effettoitaly.com\/MAR\/wp-json\/wp\/v2\/media\/1103"}],"wp:attachment":[{"href":"https:\/\/www.effettoitaly.com\/MAR\/wp-json\/wp\/v2\/media?parent=1150"}],"wp:term":[{"taxonomy":"category","embeddable":true,"href":"https:\/\/www.effettoitaly.com\/MAR\/wp-json\/wp\/v2\/categories?post=1150"},{"taxonomy":"post_tag","embeddable":true,"href":"https:\/\/www.effettoitaly.com\/MAR\/wp-json\/wp\/v2\/tags?post=1150"}],"curies":[{"name":"wp","href":"https:\/\/api.w.org\/{rel}","templated":true}]}}